{"id":1586,"date":"2021-04-10T11:09:25","date_gmt":"2021-04-10T14:09:25","guid":{"rendered":"http:\/\/www.minadordonegrao.al.gov.br\/site\/?p=1586"},"modified":"2021-04-10T11:09:26","modified_gmt":"2021-04-10T14:09:26","slug":"prefeito-josias-aprigio-lamenta-falecimento-do-servidor-publico-marcio-bezerra","status":"publish","type":"post","link":"https:\/\/www.minadordonegrao.al.gov.br\/site\/prefeito-josias-aprigio-lamenta-falecimento-do-servidor-publico-marcio-bezerra\/","title":{"rendered":"Prefeito Josias Apr\u00edgio lamenta falecimento do servidor p\u00fablico M\u00e1rcio Bezerra"},"content":{"rendered":"\n<p>O prefeito de Minador do Negr\u00e3o, Josias Apr\u00edgio, se solidariza com familiares e amigos do servidor p\u00fablico M\u00e1rcio Bezerra, que faleceu neste s\u00e1bado (10), v\u00edtima da Covid-19.<\/p>\n\n\n\n<p>Em nota, Josias lamentou a perda e destacou a import\u00e2ncia que M\u00e1rcio Bezerra tem para o munic\u00edpio e para a fam\u00edlia Apr\u00edgio.&nbsp;<\/p>\n\n\n\n<p>O sepultamento ocorrer\u00e1 ao meio dia deste s\u00e1bado, no Campo Santo Parque do Agreste, no munic\u00edpio de Palmeira dos \u00cdndios. Em cumprimento as medidas sanit\u00e1rias, o momento ser\u00e1 restrito \u00e0 familiares.&nbsp;<\/p>\n\n\n\n<p>Veja, abaixo, a fala do prefeito.&nbsp;<\/p>\n\n\n\n<p><em>Meus amigos, o munic\u00edpio de Minador do Negr\u00e3o est\u00e1 consternado com o falecimento do servidor p\u00fablico M\u00e1rcio Bezerra. J\u00e1 eu e minha fam\u00edlia estamos com o sentimento de que perdemos um irm\u00e3o, pois ele era como se fosse membro da nossa fam\u00edlia. Um jovem educado, inteligent\u00edssimo, com car\u00e1ter inquestion\u00e1vel e cora\u00e7\u00e3o gigante, que nos deixou de forma prematura e ir\u00e1 fazer muita falta para todos n\u00f3s. Tenho a certeza, por\u00e9m, que Deus leva cedo os bons para que ao seu lado, possa cuidar da gente l\u00e1 de cima. \u00c0 todos os familiares e amigos, o mais profundo pesar de toda a fam\u00edlia Apr\u00edgio e da Prefeitura de Minador do Negr\u00e3o.<\/em><\/p>\n\n\n\n<p><em>Josias Apr\u00edgio\u00a0<\/em><\/p>\n\n\n\n<p><em>Prefeito de Minador do Negr\u00e3o e grande amigo de M\u00e1rcio Bezerra\u00a0<\/em><\/p>\n","protected":false},"excerpt":{"rendered":"<p>O prefeito de Minador do Negr\u00e3o, Josias Apr\u00edgio, se solidariza com familiares e amigos do servidor p\u00fablico M\u00e1rcio Bezerra, que faleceu neste s\u00e1bado (10), v\u00edtima da Covid-19. Em nota, Josias lamentou a perda e destacou a import\u00e2ncia que M\u00e1rcio Bezerra tem para o munic\u00edpio e para a fam\u00edlia Apr\u00edgio.&nbsp; O sepultamento ocorrer\u00e1 ao meio dia [&hellip;]<\/p>\n","protected":false},"author":2,"featured_media":1587,"comment_status":"open","ping_status":"open","sticky":false,"template":"","format":"standard","meta":{"ocean_post_layout":"","ocean_both_sidebars_style":"","ocean_both_sidebars_content_width":0,"ocean_both_sidebars_sidebars_width":0,"ocean_sidebar":"","ocean_second_sidebar":"","ocean_disable_margins":"enable","ocean_add_body_class":"","ocean_shortcode_before_top_bar":"","ocean_shortcode_after_top_bar":"","ocean_shortcode_before_header":"","ocean_shortcode_after_header":"","ocean_has_shortcode":"","ocean_shortcode_after_title":"","ocean_shortcode_before_footer_widgets":"","ocean_shortcode_after_footer_widgets":"","ocean_shortcode_before_footer_bottom":"","ocean_shortcode_after_footer_bottom":"","ocean_display_top_bar":"default","ocean_display_header":"default","ocean_header_style":"","ocean_center_header_left_menu":"","ocean_custom_header_template":"","ocean_custom_logo":0,"ocean_custom_retina_logo":0,"ocean_custom_logo_max_width":0,"ocean_custom_logo_tablet_max_width":0,"ocean_custom_logo_mobile_max_width":0,"ocean_custom_logo_max_height":0,"ocean_custom_logo_tablet_max_height":0,"ocean_custom_logo_mobile_max_height":0,"ocean_header_custom_menu":"","ocean_menu_typo_font_family":"","ocean_menu_typo_font_subset":"","ocean_menu_typo_font_size":0,"ocean_menu_typo_font_size_tablet":0,"ocean_menu_typo_font_size_mobile":0,"ocean_menu_typo_font_size_unit":"px","ocean_menu_typo_font_weight":"","ocean_menu_typo_font_weight_tablet":"","ocean_menu_typo_font_weight_mobile":"","ocean_menu_typo_transform":"","ocean_menu_typo_transform_tablet":"","ocean_menu_typo_transform_mobile":"","ocean_menu_typo_line_height":0,"ocean_menu_typo_line_height_tablet":0,"ocean_menu_typo_line_height_mobile":0,"ocean_menu_typo_line_height_unit":"","ocean_menu_typo_spacing":0,"ocean_menu_typo_spacing_tablet":0,"ocean_menu_typo_spacing_mobile":0,"ocean_menu_typo_spacing_unit":"","ocean_menu_link_color":"","ocean_menu_link_color_hover":"","ocean_menu_link_color_active":"","ocean_menu_link_background":"","ocean_menu_link_hover_background":"","ocean_menu_link_active_background":"","ocean_menu_social_links_bg":"","ocean_menu_social_hover_links_bg":"","ocean_menu_social_links_color":"","ocean_menu_social_hover_links_color":"","ocean_disable_title":"default","ocean_disable_heading":"default","ocean_post_title":"","ocean_post_subheading":"","ocean_post_title_style":"","ocean_post_title_background_color":"","ocean_post_title_background":0,"ocean_post_title_bg_image_position":"","ocean_post_title_bg_image_attachment":"","ocean_post_title_bg_image_repeat":"","ocean_post_title_bg_image_size":"","ocean_post_title_height":0,"ocean_post_title_bg_overlay":0.5,"ocean_post_title_bg_overlay_color":"","ocean_disable_breadcrumbs":"default","ocean_breadcrumbs_color":"","ocean_breadcrumbs_separator_color":"","ocean_breadcrumbs_links_color":"","ocean_breadcrumbs_links_hover_color":"","ocean_display_footer_widgets":"default","ocean_display_footer_bottom":"default","ocean_custom_footer_template":"","ocean_post_oembed":"","ocean_post_self_hosted_media":"","ocean_post_video_embed":"","ocean_link_format":"","ocean_link_format_target":"self","ocean_quote_format":"","ocean_quote_format_link":"post","ocean_gallery_link_images":"off","ocean_gallery_id":[1587],"footnotes":""},"categories":[15,12],"tags":[],"class_list":["post-1586","post","type-post","status-publish","format-standard","has-post-thumbnail","hentry","category-destaque","category-prefeitura","entry","has-media"],"_links":{"self":[{"href":"https:\/\/www.minadordonegrao.al.gov.br\/site\/wp-json\/wp\/v2\/posts\/1586","targetHints":{"allow":["GET"]}}],"collection":[{"href":"https:\/\/www.minadordonegrao.al.gov.br\/site\/wp-json\/wp\/v2\/posts"}],"about":[{"href":"https:\/\/www.minadordonegrao.al.gov.br\/site\/wp-json\/wp\/v2\/types\/post"}],"author":[{"embeddable":true,"href":"https:\/\/www.minadordonegrao.al.gov.br\/site\/wp-json\/wp\/v2\/users\/2"}],"replies":[{"embeddable":true,"href":"https:\/\/www.minadordonegrao.al.gov.br\/site\/wp-json\/wp\/v2\/comments?post=1586"}],"version-history":[{"count":1,"href":"https:\/\/www.minadordonegrao.al.gov.br\/site\/wp-json\/wp\/v2\/posts\/1586\/revisions"}],"predecessor-version":[{"id":1588,"href":"https:\/\/www.minadordonegrao.al.gov.br\/site\/wp-json\/wp\/v2\/posts\/1586\/revisions\/1588"}],"wp:featuredmedia":[{"embeddable":true,"href":"https:\/\/www.minadordonegrao.al.gov.br\/site\/wp-json\/wp\/v2\/media\/1587"}],"wp:attachment":[{"href":"https:\/\/www.minadordonegrao.al.gov.br\/site\/wp-json\/wp\/v2\/media?parent=1586"}],"wp:term":[{"taxonomy":"category","embeddable":true,"href":"https:\/\/www.minadordonegrao.al.gov.br\/site\/wp-json\/wp\/v2\/categories?post=1586"},{"taxonomy":"post_tag","embeddable":true,"href":"https:\/\/www.minadordonegrao.al.gov.br\/site\/wp-json\/wp\/v2\/tags?post=1586"}],"curies":[{"name":"wp","href":"https:\/\/api.w.org\/{rel}","templated":true}]}}